{"id":908,"date":"2026-04-16T18:16:51","date_gmt":"2026-04-16T18:16:51","guid":{"rendered":"https:\/\/huavi.pe\/blog\/aemet-alerta-espana-afronta-un-verano-adelantado-en-abril\/"},"modified":"2026-04-16T18:16:51","modified_gmt":"2026-04-16T18:16:51","slug":"aemet-alerta-espana-afronta-un-verano-adelantado-en-abril","status":"publish","type":"post","link":"https:\/\/huavi.pe\/blog\/aemet-alerta-espana-afronta-un-verano-adelantado-en-abril\/","title":{"rendered":"AEMET alerta: Espa\u00f1a afronta un &#8216;verano adelantado&#8217; en abril"},"content":{"rendered":"<div style=\"margin: 35px 0; text-align: center;\">\r\n        <script type=\"text\/javascript\">atOptions = {\"key\":\"6c15bf9fb10d44f6b0ff8bee4e534e00\",\"format\":\"iframe\",\"height\":90,\"width\":728,\"params\":{}};<\/script>\r\n        <script type=\"text\/javascript\" src=\"https:\/\/www.highperformanceformat.com\/6c15bf9fb10d44f6b0ff8bee4e534e00\/invoke.js\"><\/script>\r\n    <\/div>\n<p>La Agencia Estatal de Meteorolog\u00eda (AEMET) ha emitido una seria advertencia para los pr\u00f3ximos d\u00edas, indicando que gran parte de Espa\u00f1a vivir\u00e1 lo que se describe como un &#8216;verano adelantado&#8217;. Las temperaturas m\u00e1ximas superar\u00e1n notablemente la media hist\u00f3rica para este mes.<\/p>\n<div style=\"text-align: center; margin: 35px 0;\"><a href=\"https:\/\/www.profitablecpmratenetwork.com\/xkij9dqp?key=36211ba9dcf53ed7e55fa2e71272a37e\" target=\"_blank\" style=\"background: var(--accent); color: #fff; padding: 14px 28px; border-radius: 50px; text-decoration: none; font-weight: 700; font-size: 0.85rem; display: inline-block; box-shadow: 0 4px 15px rgba(0,85,255,0.2);\">Consulta el pron\u00f3stico detallado por provincia<\/a><\/div>\n<p>Seg\u00fan datos del ECMWF, el suroeste peninsular y el valle del Ebro alcanzar\u00e1n niveles en el percentil 99 respecto al periodo de referencia. Aunque no se espera una ola de calor extrema como las de julio o agosto, los expertos advierten que estos primeros eventos c\u00e1lidos son particularmente peligrosos porque suelen pillar desprevenidos a la poblaci\u00f3n.<\/p>\n<div style=\"margin: 35px 0; text-align: center;\">\r\n        <script type=\"text\/javascript\">atOptions = {\"key\":\"6fc97cf01066178bb03248c132da1bfb\",\"format\":\"iframe\",\"height\":250,\"width\":300,\"params\":{}};<\/script>\r\n        <script type=\"text\/javascript\" src=\"https:\/\/www.highperformanceformat.com\/6fc97cf01066178bb03248c132da1bfb\/invoke.js\"><\/script>\r\n    <\/div>\n<p>Este cambio brusco es especialmente cr\u00edtico para el sector agr\u00edcola. Los cultivos est\u00e1n en momentos vitales (como el espigado del cereal o la floraci\u00f3n tard\u00eda del olivo), y pasar de heladas a un calor intenso genera un riesgo enorme, evidenciando que &#8216;la primavera ya no es lo que era&#8217;.<\/p>\n<div style=\"text-align: center; margin: 35px 0;\"><a href=\"https:\/\/www.profitablecpmratenetwork.com\/p4sabm91d?key=88da7d0446f20952699e10bf89600177\" target=\"_blank\" style=\"background: var(--accent); color: #fff; padding: 14px 28px; border-radius: 50px; text-decoration: none; font-weight: 700; font-size: 0.85rem; display: inline-block; box-shadow: 0 4px 15px rgba(0,85,255,0.2);\">Gu\u00eda completa de adaptaci\u00f3n al cambio clim\u00e1tico<\/a><\/div>\n","protected":false},"excerpt":{"rendered":"<p>La Agencia Estatal de Meteorolog\u00eda (AEMET) ha emitido una seria advertencia para los pr\u00f3ximos d\u00edas, indicando que gran parte de Espa\u00f1a vivir\u00e1 lo que se describe como un &#8216;verano adelantado&#8217;. Las temperaturas m\u00e1ximas superar\u00e1n notablemente la media hist\u00f3rica para este mes. Seg\u00fan datos del ECMWF, el suroeste peninsular y el valle del Ebro alcanzar\u00e1n niveles [&hellip;]<\/p>\n","protected":false},"author":1,"featured_media":909,"comment_status":"open","ping_status":"open","sticky":false,"template":"","format":"standard","meta":{"footnotes":""},"categories":[2],"tags":[1202,1201,101,166,1374,1375],"class_list":["post-908","post","type-post","status-publish","format-standard","has-post-thumbnail","hentry","category-tecnologia","tag-aemet","tag-clima","tag-espana","tag-global","tag-meteorologia","tag-ola-de-calor"],"_links":{"self":[{"href":"https:\/\/huavi.pe\/blog\/wp-json\/wp\/v2\/posts\/908","targetHints":{"allow":["GET"]}}],"collection":[{"href":"https:\/\/huavi.pe\/blog\/wp-json\/wp\/v2\/posts"}],"about":[{"href":"https:\/\/huavi.pe\/blog\/wp-json\/wp\/v2\/types\/post"}],"author":[{"embeddable":true,"href":"https:\/\/huavi.pe\/blog\/wp-json\/wp\/v2\/users\/1"}],"replies":[{"embeddable":true,"href":"https:\/\/huavi.pe\/blog\/wp-json\/wp\/v2\/comments?post=908"}],"version-history":[{"count":0,"href":"https:\/\/huavi.pe\/blog\/wp-json\/wp\/v2\/posts\/908\/revisions"}],"wp:featuredmedia":[{"embeddable":true,"href":"https:\/\/huavi.pe\/blog\/wp-json\/wp\/v2\/media\/909"}],"wp:attachment":[{"href":"https:\/\/huavi.pe\/blog\/wp-json\/wp\/v2\/media?parent=908"}],"wp:term":[{"taxonomy":"category","embeddable":true,"href":"https:\/\/huavi.pe\/blog\/wp-json\/wp\/v2\/categories?post=908"},{"taxonomy":"post_tag","embeddable":true,"href":"https:\/\/huavi.pe\/blog\/wp-json\/wp\/v2\/tags?post=908"}],"curies":[{"name":"wp","href":"https:\/\/api.w.org\/{rel}","templated":true}]}}