{"id":776,"date":"2026-04-15T09:22:18","date_gmt":"2026-04-15T09:22:18","guid":{"rendered":"https:\/\/huavi.pe\/blog\/el-frio-extremo-ha-desaparecido-de-espana-estamos-en-el-camino-definitivo-hacia-un-verano-mas-calido\/"},"modified":"2026-04-15T09:22:18","modified_gmt":"2026-04-15T09:22:18","slug":"el-frio-extremo-ha-desaparecido-de-espana-estamos-en-el-camino-definitivo-hacia-un-verano-mas-calido","status":"publish","type":"post","link":"https:\/\/huavi.pe\/blog\/el-frio-extremo-ha-desaparecido-de-espana-estamos-en-el-camino-definitivo-hacia-un-verano-mas-calido\/","title":{"rendered":"El fr\u00edo extremo ha desaparecido de Espa\u00f1a: \u00bfEstamos en el camino definitivo hacia un verano m\u00e1s c\u00e1lido?"},"content":{"rendered":"<div style=\"margin: 35px 0; text-align: center;\">\r\n        <script type=\"text\/javascript\">atOptions = {\"key\":\"6c15bf9fb10d44f6b0ff8bee4e534e00\",\"format\":\"iframe\",\"height\":90,\"width\":728,\"params\":{}};<\/script>\r\n        <script type=\"text\/javascript\" src=\"https:\/\/www.highperformanceformat.com\/6c15bf9fb10d44f6b0ff8bee4e534e00\/invoke.js\"><\/script>\r\n    <\/div>\n<p>La primavera espa\u00f1ola ha sido una monta\u00f1a rusa clim\u00e1tica. Tras oscilaciones t\u00e9rmicas dr\u00e1sticas, la pregunta que flota en el ambiente es si este calor es pasajero o si marca el inicio de un cambio permanente. \u00bfEstamos realmente en el lento camino hacia el verano, o nos esperan m\u00e1s reca\u00eddas fr\u00edas?<\/p>\n<div style=\"text-align: center; margin: 35px 0;\"><a href=\"https:\/\/www.profitablecpmratenetwork.com\/xkij9dqp?key=36211ba9dcf53ed7e55fa2e71272a37e\" target=\"_blank\" style=\"background: var(--accent); color: #fff; padding: 14px 28px; border-radius: 50px; text-decoration: none; font-weight: 700; font-size: 0.85rem; display: inline-block; box-shadow: 0 4px 15px rgba(0,85,255,0.2);\">Conoce las predicciones clim\u00e1ticas detalladas de la AEMET<\/a><\/div>\n<p>Aunque las predicciones estacionales son siempre especulativas, los elementos apuntan a una tendencia clara: la AEMET sit\u00faa abril, mayo y junio en el tercil superior de temperaturas. Adem\u00e1s, factores como la transici\u00f3n hacia El Ni\u00f1o refuerzan este argumento, sugiriendo un patr\u00f3n m\u00e1s c\u00e1lido.<\/p>\n<div style=\"margin: 35px 0; text-align: center;\">\r\n        <script type=\"text\/javascript\">atOptions = {\"key\":\"6fc97cf01066178bb03248c132da1bfb\",\"format\":\"iframe\",\"height\":250,\"width\":300,\"params\":{}};<\/script>\r\n        <script type=\"text\/javascript\" src=\"https:\/\/www.highperformanceformat.com\/6fc97cf01066178bb03248c132da1bfb\/invoke.js\"><\/script>\r\n    <\/div>\n<p>Los datos hist\u00f3ricos no dejan lugar a dudas sobre esta tendencia. Desde 2022, Espa\u00f1a ha registrado una disminuci\u00f3n notable de los r\u00e9cords de fr\u00edo en la pen\u00ednsula, mientras que el n\u00famero de d\u00edas c\u00e1lidos r\u00e9cord ha aumentado significativamente. Este cambio estad\u00edstico es un indicador potente del calentamiento general.<\/p>\n<div style=\"text-align: center; margin: 35px 0;\"><a href=\"https:\/\/www.profitablecpmratenetwork.com\/p4sabm91d?key=88da7d0446f20952699e10bf89600177\" target=\"_blank\" style=\"background: var(--accent); color: #fff; padding: 14px 28px; border-radius: 50px; text-decoration: none; font-weight: 700; font-size: 0.85rem; display: inline-block; box-shadow: 0 4px 15px rgba(0,85,255,0.2);\">Gu\u00eda completa sobre el impacto del cambio clim\u00e1tico en tu regi\u00f3n<\/a><\/div>\n","protected":false},"excerpt":{"rendered":"<p>La primavera espa\u00f1ola ha sido una monta\u00f1a rusa clim\u00e1tica. Tras oscilaciones t\u00e9rmicas dr\u00e1sticas, la pregunta que flota en el ambiente es si este calor es pasajero o si marca el inicio de un cambio permanente. \u00bfEstamos realmente en el lento camino hacia el verano, o nos esperan m\u00e1s reca\u00eddas fr\u00edas? Aunque las predicciones estacionales son [&hellip;]<\/p>\n","protected":false},"author":1,"featured_media":777,"comment_status":"open","ping_status":"open","sticky":false,"template":"","format":"standard","meta":{"footnotes":""},"categories":[2],"tags":[1202,863,1201,101,166,1203],"class_list":["post-776","post","type-post","status-publish","format-standard","has-post-thumbnail","hentry","category-tecnologia","tag-aemet","tag-cambio-climatico","tag-clima","tag-espana","tag-global","tag-verano"],"_links":{"self":[{"href":"https:\/\/huavi.pe\/blog\/wp-json\/wp\/v2\/posts\/776","targetHints":{"allow":["GET"]}}],"collection":[{"href":"https:\/\/huavi.pe\/blog\/wp-json\/wp\/v2\/posts"}],"about":[{"href":"https:\/\/huavi.pe\/blog\/wp-json\/wp\/v2\/types\/post"}],"author":[{"embeddable":true,"href":"https:\/\/huavi.pe\/blog\/wp-json\/wp\/v2\/users\/1"}],"replies":[{"embeddable":true,"href":"https:\/\/huavi.pe\/blog\/wp-json\/wp\/v2\/comments?post=776"}],"version-history":[{"count":0,"href":"https:\/\/huavi.pe\/blog\/wp-json\/wp\/v2\/posts\/776\/revisions"}],"wp:featuredmedia":[{"embeddable":true,"href":"https:\/\/huavi.pe\/blog\/wp-json\/wp\/v2\/media\/777"}],"wp:attachment":[{"href":"https:\/\/huavi.pe\/blog\/wp-json\/wp\/v2\/media?parent=776"}],"wp:term":[{"taxonomy":"category","embeddable":true,"href":"https:\/\/huavi.pe\/blog\/wp-json\/wp\/v2\/categories?post=776"},{"taxonomy":"post_tag","embeddable":true,"href":"https:\/\/huavi.pe\/blog\/wp-json\/wp\/v2\/tags?post=776"}],"curies":[{"name":"wp","href":"https:\/\/api.w.org\/{rel}","templated":true}]}}