{"id":665,"date":"2026-04-15T04:04:44","date_gmt":"2026-04-15T04:04:44","guid":{"rendered":"https:\/\/huavi.pe\/blog\/se-prohibe-el-cese-de-trabajadores-estatales-por-fusion-o-extincion-de-entidades-publicas\/"},"modified":"2026-04-15T04:04:44","modified_gmt":"2026-04-15T04:04:44","slug":"se-prohibe-el-cese-de-trabajadores-estatales-por-fusion-o-extincion-de-entidades-publicas","status":"publish","type":"post","link":"https:\/\/huavi.pe\/blog\/se-prohibe-el-cese-de-trabajadores-estatales-por-fusion-o-extincion-de-entidades-publicas\/","title":{"rendered":"Se proh\u00edbe el cese de trabajadores estatales por fusi\u00f3n o extinci\u00f3n de entidades p\u00fablicas"},"content":{"rendered":"<div style=\"margin: 35px 0; text-align: center;\">\r\n        <script type=\"text\/javascript\">atOptions = {\"key\":\"6c15bf9fb10d44f6b0ff8bee4e534e00\",\"format\":\"iframe\",\"height\":90,\"width\":728,\"params\":{}};<\/script>\r\n        <script type=\"text\/javascript\" src=\"https:\/\/www.highperformanceformat.com\/6c15bf9fb10d44f6b0ff8bee4e534e00\/invoke.js\"><\/script>\r\n    <\/div>\n<p>La Comisi\u00f3n de Descentralizaci\u00f3n del Congreso aprob\u00f3 un dictamen que busca prohibir el despido de servidores p\u00fablicos cuando su entidad empleadora se reestructura, fusione, absorba o extinga. Esta medida, ya respaldada por la Comisi\u00f3n de Trabajo, establece que el cese laboral solo puede ocurrir por causa justa y debidamente comprobada mediante procedimiento administrativo disciplinario.<\/p>\n<div style=\"text-align: center; margin: 35px 0;\"><a href=\"https:\/\/www.profitablecpmratenetwork.com\/xkij9dqp?key=36211ba9dcf53ed7e55fa2e71272a37e\" target=\"_blank\" style=\"background: var(--accent); color: #fff; padding: 14px 28px; border-radius: 50px; text-decoration: none; font-weight: 700; font-size: 0.85rem; display: inline-block; box-shadow: 0 4px 15px rgba(0,85,255,0.2);\">Entender el impacto de esta reforma laboral.<\/a><\/div>\n<p>El dictamen es de alcance transversal para todos los reg\u00edmenes laborales p\u00fablicos (incluyendo decretos legislativos 276, 728 y 1057), siempre que el v\u00ednculo laboral est\u00e9 vigente al inicio del proceso. Adem\u00e1s, se a\u00f1ade que los trabajadores afectados por estos procesos ser\u00e1n reasignados o reubicados a las entidades sucesoras, preservando sus condiciones laborales.<\/p>\n<div style=\"margin: 35px 0; text-align: center;\">\r\n        <script type=\"text\/javascript\">atOptions = {\"key\":\"6fc97cf01066178bb03248c132da1bfb\",\"format\":\"iframe\",\"height\":250,\"width\":300,\"params\":{}};<\/script>\r\n        <script type=\"text\/javascript\" src=\"https:\/\/www.highperformanceformat.com\/6fc97cf01066178bb03248c132da1bfb\/invoke.js\"><\/script>\r\n    <\/div>\n<p>Sin embargo, la propuesta ha generado cuestionamientos entre especialistas. Ricardo Herrera, abogado laboralista, se\u00f1al\u00f3: &#8216;Actualmente, cuando las entidades desaparecen, la relaci\u00f3n laboral termina, cesa el trabajador&#8217;. Por su parte, C\u00e9sar Abanto Revilla advirti\u00f3 que esta medida ignora los procesos operativos reales, explicando que en casos de fusiones y absorciones es inevitable generar recortes de planillas. Se\u00f1al\u00f3: &#8216;Si tienes una entidad con 100 servidores, pero cuando pasa a la que asume sus funciones y solo se requiere de 40, se va a tener que prescindir de 60&#8217;.<\/p>\n<div style=\"text-align: center; margin: 35px 0;\"><a href=\"https:\/\/www.profitablecpmratenetwork.com\/p4sabm91d?key=88da7d0446f20952699e10bf89600177\" target=\"_blank\" style=\"background: var(--accent); color: #fff; padding: 14px 28px; border-radius: 50px; text-decoration: none; font-weight: 700; font-size: 0.85rem; display: inline-block; box-shadow: 0 4px 15px rgba(0,85,255,0.2);\">Analizar los riesgos legales para las entidades p\u00fablicas.<\/a><\/div>\n","protected":false},"excerpt":{"rendered":"<p>La Comisi\u00f3n de Descentralizaci\u00f3n del Congreso aprob\u00f3 un dictamen que busca prohibir el despido de servidores p\u00fablicos cuando su entidad empleadora se reestructura, fusione, absorba o extinga. Esta medida, ya respaldada por la Comisi\u00f3n de Trabajo, establece que el cese laboral solo puede ocurrir por causa justa y debidamente comprobada mediante procedimiento administrativo disciplinario. El [&hellip;]<\/p>\n","protected":false},"author":1,"featured_media":666,"comment_status":"open","ping_status":"open","sticky":false,"template":"","format":"standard","meta":{"footnotes":""},"categories":[3],"tags":[1033,1036,33,1035,1034],"class_list":["post-665","post","type-post","status-publish","format-standard","has-post-thumbnail","hentry","category-economia","tag-derecho-laboral-publico","tag-descentralizacion","tag-peru","tag-reestructuracion-estatal","tag-servidores-estatales"],"_links":{"self":[{"href":"https:\/\/huavi.pe\/blog\/wp-json\/wp\/v2\/posts\/665","targetHints":{"allow":["GET"]}}],"collection":[{"href":"https:\/\/huavi.pe\/blog\/wp-json\/wp\/v2\/posts"}],"about":[{"href":"https:\/\/huavi.pe\/blog\/wp-json\/wp\/v2\/types\/post"}],"author":[{"embeddable":true,"href":"https:\/\/huavi.pe\/blog\/wp-json\/wp\/v2\/users\/1"}],"replies":[{"embeddable":true,"href":"https:\/\/huavi.pe\/blog\/wp-json\/wp\/v2\/comments?post=665"}],"version-history":[{"count":0,"href":"https:\/\/huavi.pe\/blog\/wp-json\/wp\/v2\/posts\/665\/revisions"}],"wp:featuredmedia":[{"embeddable":true,"href":"https:\/\/huavi.pe\/blog\/wp-json\/wp\/v2\/media\/666"}],"wp:attachment":[{"href":"https:\/\/huavi.pe\/blog\/wp-json\/wp\/v2\/media?parent=665"}],"wp:term":[{"taxonomy":"category","embeddable":true,"href":"https:\/\/huavi.pe\/blog\/wp-json\/wp\/v2\/categories?post=665"},{"taxonomy":"post_tag","embeddable":true,"href":"https:\/\/huavi.pe\/blog\/wp-json\/wp\/v2\/tags?post=665"}],"curies":[{"name":"wp","href":"https:\/\/api.w.org\/{rel}","templated":true}]}}