{"id":643,"date":"2026-04-13T04:15:40","date_gmt":"2026-04-13T04:15:40","guid":{"rendered":"https:\/\/huavi.pe\/blog\/confiep-reclama-por-fallas-en-mesas-de-votacion-no-puede-admitirse-la-perdida-del-derecho-al-voto\/"},"modified":"2026-04-13T04:15:40","modified_gmt":"2026-04-13T04:15:40","slug":"confiep-reclama-por-fallas-en-mesas-de-votacion-no-puede-admitirse-la-perdida-del-derecho-al-voto","status":"publish","type":"post","link":"https:\/\/huavi.pe\/blog\/confiep-reclama-por-fallas-en-mesas-de-votacion-no-puede-admitirse-la-perdida-del-derecho-al-voto\/","title":{"rendered":"Confiep reclama por fallas en mesas de votaci\u00f3n: &#8216;No puede admitirse&#8217; la p\u00e9rdida del derecho al voto"},"content":{"rendered":"<div style=\"margin: 35px 0; text-align: center;\">\r\n        <script type=\"text\/javascript\">atOptions = {\"key\":\"6c15bf9fb10d44f6b0ff8bee4e534e00\",\"format\":\"iframe\",\"height\":90,\"width\":728,\"params\":{}};<\/script>\r\n        <script type=\"text\/javascript\" src=\"https:\/\/www.highperformanceformat.com\/6c15bf9fb10d44f6b0ff8bee4e534e00\/invoke.js\"><\/script>\r\n    <\/div>\n<p>La Confiep expres\u00f3 su profunda preocupaci\u00f3n ante las afectaciones al normal desarrollo de la jornada electoral registradas el d\u00eda de hoy.<\/p>\n<div style=\"text-align: center; margin: 35px 0;\"><a href=\"https:\/\/www.profitablecpmratenetwork.com\/xkij9dqp?key=36211ba9dcf53ed7e55fa2e71272a37e\" target=\"_blank\" style=\"background: var(--accent); color: #fff; padding: 14px 28px; border-radius: 50px; text-decoration: none; font-weight: 700; font-size: 0.85rem; display: inline-block; box-shadow: 0 4px 15px rgba(0,85,255,0.2);\">Conoce los detalles de la protesta empresarial<\/a><\/div>\n<p>A trav\u00e9s de un comunicado, el gremio empresarial manifest\u00f3 que los problemas sufridos en la instalaci\u00f3n de las mesas han impactado severamente en la capacidad ciudadana de ejercer su derecho al voto. Indicaron que &#8216;no puede admitirse que una deficiencia operativa derive en la p\u00e9rdida de un derecho fundamental&#8217;.<\/p>\n<div style=\"margin: 35px 0; text-align: center;\">\r\n        <script type=\"text\/javascript\">atOptions = {\"key\":\"6fc97cf01066178bb03248c132da1bfb\",\"format\":\"iframe\",\"height\":250,\"width\":300,\"params\":{}};<\/script>\r\n        <script type=\"text\/javascript\" src=\"https:\/\/www.highperformanceformat.com\/6fc97cf01066178bb03248c132da1bfb\/invoke.js\"><\/script>\r\n    <\/div>\n<p>Adem\u00e1s, recalcaron que estas afectaciones no solo tendr\u00e1n un impacto en la elecci\u00f3n presidencial, sino tambi\u00e9n en la correspondiente al Senado. Por ello, exhortan a las autoridades competentes a brindar, de manera inmediata, una explicaci\u00f3n clara y verificable sobre lo sucedido: qu\u00e9 fall\u00f3, d\u00f3nde, por qu\u00e9 y qu\u00e9 medidas se est\u00e1n adoptando para asegurar la continuidad del proceso. La transparencia es clave para resguardar la legitimidad electoral, sentenciaron.<\/p>\n<div style=\"text-align: center; margin: 35px 0;\"><a href=\"https:\/\/www.profitablecpmratenetwork.com\/p4sabm91d?key=88da7d0446f20952699e10bf89600177\" target=\"_blank\" style=\"background: var(--accent); color: #fff; padding: 14px 28px; border-radius: 50px; text-decoration: none; font-weight: 700; font-size: 0.85rem; display: inline-block; box-shadow: 0 4px 15px rgba(0,85,255,0.2);\">An\u00e1lisis completo del impacto electoral<\/a><\/div>\n","protected":false},"excerpt":{"rendered":"<p>La Confiep expres\u00f3 su profunda preocupaci\u00f3n ante las afectaciones al normal desarrollo de la jornada electoral registradas el d\u00eda de hoy. A trav\u00e9s de un comunicado, el gremio empresarial manifest\u00f3 que los problemas sufridos en la instalaci\u00f3n de las mesas han impactado severamente en la capacidad ciudadana de ejercer su derecho al voto. Indicaron que [&hellip;]<\/p>\n","protected":false},"author":1,"featured_media":644,"comment_status":"open","ping_status":"open","sticky":false,"template":"","format":"standard","meta":{"footnotes":""},"categories":[3],"tags":[966,962,1005,33,1006,872],"class_list":["post-643","post","type-post","status-publish","format-standard","has-post-thumbnail","hentry","category-economia","tag-confiep","tag-elecciones","tag-jornada-electoral","tag-peru","tag-transparencia","tag-voto"],"_links":{"self":[{"href":"https:\/\/huavi.pe\/blog\/wp-json\/wp\/v2\/posts\/643","targetHints":{"allow":["GET"]}}],"collection":[{"href":"https:\/\/huavi.pe\/blog\/wp-json\/wp\/v2\/posts"}],"about":[{"href":"https:\/\/huavi.pe\/blog\/wp-json\/wp\/v2\/types\/post"}],"author":[{"embeddable":true,"href":"https:\/\/huavi.pe\/blog\/wp-json\/wp\/v2\/users\/1"}],"replies":[{"embeddable":true,"href":"https:\/\/huavi.pe\/blog\/wp-json\/wp\/v2\/comments?post=643"}],"version-history":[{"count":0,"href":"https:\/\/huavi.pe\/blog\/wp-json\/wp\/v2\/posts\/643\/revisions"}],"wp:featuredmedia":[{"embeddable":true,"href":"https:\/\/huavi.pe\/blog\/wp-json\/wp\/v2\/media\/644"}],"wp:attachment":[{"href":"https:\/\/huavi.pe\/blog\/wp-json\/wp\/v2\/media?parent=643"}],"wp:term":[{"taxonomy":"category","embeddable":true,"href":"https:\/\/huavi.pe\/blog\/wp-json\/wp\/v2\/categories?post=643"},{"taxonomy":"post_tag","embeddable":true,"href":"https:\/\/huavi.pe\/blog\/wp-json\/wp\/v2\/tags?post=643"}],"curies":[{"name":"wp","href":"https:\/\/api.w.org\/{rel}","templated":true}]}}