{"id":523,"date":"2026-04-12T15:09:06","date_gmt":"2026-04-12T15:09:06","guid":{"rendered":"https:\/\/huavi.pe\/blog\/analisis-critico-mantiene-malcolm-su-magia-en-el-reboot\/"},"modified":"2026-04-12T15:09:06","modified_gmt":"2026-04-12T15:09:06","slug":"analisis-critico-mantiene-malcolm-su-magia-en-el-reboot","status":"publish","type":"post","link":"https:\/\/huavi.pe\/blog\/analisis-critico-mantiene-malcolm-su-magia-en-el-reboot\/","title":{"rendered":"An\u00e1lisis Cr\u00edtico: \u00bfMantiene &#8216;Malcolm&#8217; su magia en el Reboot?"},"content":{"rendered":"<div style=\"margin: 35px 0; text-align: center;\">\r\n        <script type=\"text\/javascript\">atOptions = {\"key\":\"6c15bf9fb10d44f6b0ff8bee4e534e00\",\"format\":\"iframe\",\"height\":90,\"width\":728,\"params\":{}};<\/script>\r\n        <script type=\"text\/javascript\" src=\"https:\/\/www.highperformanceformat.com\/6c15bf9fb10d44f6b0ff8bee4e534e00\/invoke.js\"><\/script>\r\n    <\/div>\n<p>Hace veintis\u00e9is a\u00f1os, la serie \u2018Malcolm in the Middle\u2019 se consolid\u00f3 como un fen\u00f3meno cultural que defini\u00f3 una generaci\u00f3n de espectadores. Su \u00e9xito radic\u00f3 precisamente en su capacidad para abordar el tropo de la familia disfuncional con una perspectiva fresca y profundamente c\u00f3mica. La trama segu\u00eda a Malcolm (Frankie Muniz), un ni\u00f1o dotado de coeficiente intelectual genio, forzado a navegar por la ca\u00f3tica vida diaria de los Wilkerson, una clase trabajadora que rara vez parec\u00eda impresionada por sus talentos o capacidades intelectuales. Esta premisa permiti\u00f3 a la serie alejarse de los clich\u00e9s televisivos de la \u00e9poca, ofreciendo en su lugar un retrato hilarante y conmovedor de lo extraordinario dentro de lo cotidiano.<\/p>\n<div style=\"text-align: center; margin: 35px 0;\"><a href=\"https:\/\/www.profitablecpmratenetwork.com\/xkij9dqp?key=36211ba9dcf53ed7e55fa2e71272a37e\" target=\"_blank\" style=\"background: var(--accent); color: #fff; padding: 14px 28px; border-radius: 50px; text-decoration: none; font-weight: 700; font-size: 0.85rem; display: inline-block; box-shadow: 0 4px 15px rgba(0,85,255,0.2);\">Prueba Gemini Pro ahora<\/a><\/div>\n<p>Lo m\u00e1s destacado del original era c\u00f3mo el personaje principal exploraba sus frustraciones con una inteligencia aguda. Malcolm no solo compart\u00eda las dificultades de ser el hijo mediano, sino que tambi\u00e9n utilizaba recursos narrativos como romper constantemente la cuarta pared para burlarse de los propios clich\u00e9s sobre el genio incomprendido. Su superioridad intelectual, lejos de simplificarle la vida, se convirti\u00f3 en un obst\u00e1culo constante contra su deseo m\u00e1s simple: ser un chico normal. Esta tensi\u00f3n entre su mente brillante y su necesidad de pertenencia era lo que cautiv\u00f3 al p\u00fablico, creando una narrativa compleja donde cada d\u00eda era una lucha por la aceptaci\u00f3n dentro de un entorno absurdo y constantemente desafiante.<\/p>\n<div style=\"margin: 35px 0; text-align: center;\">\r\n        <script type=\"text\/javascript\">atOptions = {\"key\":\"6fc97cf01066178bb03248c132da1bfb\",\"format\":\"iframe\",\"height\":250,\"width\":300,\"params\":{}};<\/script>\r\n        <script type=\"text\/javascript\" src=\"https:\/\/www.highperformanceformat.com\/6fc97cf01066178bb03248c132da1bfb\/invoke.js\"><\/script>\r\n    <\/div>\n<p>Sin embargo, el reciente reboot, \u2018Malcolm: De mal en peor\u2019, ha generado debate. Aunque cuenta con el elenco original (excepto Dewey), la serie parece m\u00e1s un ejercicio nost\u00e1lgico que una producci\u00f3n fresca. La trama se centra en los preparativos para el 40 aniversario de bodas de Hal y Lois. Si bien todos los actores mantienen su vivacidad, la premisa general resulta desfasada y carece del ingenio o la novedad que caracterizaron al \u00e9xito original. El resultado es un espect\u00e1culo m\u00e1s anacr\u00f3nico que innovador.<\/p>\n<div style=\"text-align: center; margin: 35px 0;\"><a href=\"https:\/\/www.profitablecpmratenetwork.com\/p4sabm91d?key=88da7d0446f20952699e10bf89600177\" target=\"_blank\" style=\"background: var(--accent); color: #fff; padding: 14px 28px; border-radius: 50px; text-decoration: none; font-weight: 700; font-size: 0.85rem; display: inline-block; box-shadow: 0 4px 15px rgba(0,85,255,0.2);\">Descubrir contenido premium ahora<\/a><\/div>\n","protected":false},"excerpt":{"rendered":"<p>Hace veintis\u00e9is a\u00f1os, la serie \u2018Malcolm in the Middle\u2019 se consolid\u00f3 como un fen\u00f3meno cultural que defini\u00f3 una generaci\u00f3n de espectadores. Su \u00e9xito radic\u00f3 precisamente en su capacidad para abordar el tropo de la familia disfuncional con una perspectiva fresca y profundamente c\u00f3mica. La trama segu\u00eda a Malcolm (Frankie Muniz), un ni\u00f1o dotado de coeficiente [&hellip;]<\/p>\n","protected":false},"author":1,"featured_media":524,"comment_status":"open","ping_status":"open","sticky":false,"template":"","format":"standard","meta":{"footnotes":""},"categories":[172],"tags":[178,830,831,166,828,829],"class_list":["post-523","post","type-post","status-publish","format-standard","has-post-thumbnail","hentry","category-ciencia","tag-disney","tag-comedia","tag-familia","tag-global","tag-malcolm","tag-reboot"],"_links":{"self":[{"href":"https:\/\/huavi.pe\/blog\/wp-json\/wp\/v2\/posts\/523","targetHints":{"allow":["GET"]}}],"collection":[{"href":"https:\/\/huavi.pe\/blog\/wp-json\/wp\/v2\/posts"}],"about":[{"href":"https:\/\/huavi.pe\/blog\/wp-json\/wp\/v2\/types\/post"}],"author":[{"embeddable":true,"href":"https:\/\/huavi.pe\/blog\/wp-json\/wp\/v2\/users\/1"}],"replies":[{"embeddable":true,"href":"https:\/\/huavi.pe\/blog\/wp-json\/wp\/v2\/comments?post=523"}],"version-history":[{"count":0,"href":"https:\/\/huavi.pe\/blog\/wp-json\/wp\/v2\/posts\/523\/revisions"}],"wp:featuredmedia":[{"embeddable":true,"href":"https:\/\/huavi.pe\/blog\/wp-json\/wp\/v2\/media\/524"}],"wp:attachment":[{"href":"https:\/\/huavi.pe\/blog\/wp-json\/wp\/v2\/media?parent=523"}],"wp:term":[{"taxonomy":"category","embeddable":true,"href":"https:\/\/huavi.pe\/blog\/wp-json\/wp\/v2\/categories?post=523"},{"taxonomy":"post_tag","embeddable":true,"href":"https:\/\/huavi.pe\/blog\/wp-json\/wp\/v2\/tags?post=523"}],"curies":[{"name":"wp","href":"https:\/\/api.w.org\/{rel}","templated":true}]}}