{"id":49,"date":"2026-04-10T13:46:12","date_gmt":"2026-04-10T13:46:12","guid":{"rendered":"https:\/\/huavi.pe\/blog\/artemis-ii-captura-la-puesta-de-la-tierra-desde-la-luna-volveremos\/"},"modified":"2026-04-10T13:46:12","modified_gmt":"2026-04-10T13:46:12","slug":"artemis-ii-captura-la-puesta-de-la-tierra-desde-la-luna-volveremos","status":"publish","type":"post","link":"https:\/\/huavi.pe\/blog\/artemis-ii-captura-la-puesta-de-la-tierra-desde-la-luna-volveremos\/","title":{"rendered":"Artemis II captura la &#8216;puesta de la Tierra&#8217; desde la Luna: \u00abVolveremos\u00bb"},"content":{"rendered":"<p><html><body><\/p>\n<p>M\u00e1s de 57 a\u00f1os despu\u00e9s de la ic\u00f3nica fotograf\u00eda del \u201camanecer de la Tierra\u201d tomada por Apolo 8, los astronautas de la misi\u00f3n <strong>Artemis II<\/strong> han capturado una impresionante <strong>\u201cpuesta de la Tierra\u201d<\/strong> en el horizonte lunar, marcando un hito en el retorno a casa.<\/p>\n<div style=\"text-align: center; margin: 35px 0;\"><a href=\"https:\/\/www.profitablecpmratenetwork.com\/xkij9dqp?key=36211ba9dcf53ed7e55fa2e71272a37e\" target=\"_blank\" style=\"background: var(--accent); color: #fff; padding: 14px 28px; border-radius: 50px; text-decoration: none; font-weight: 700; font-size: 0.85rem; display: inline-block; box-shadow: 0 4px 15px rgba(0,85,255,0.2);\">Prueba Gemini Pro ahora<\/a><\/div>\n<p>Tras un exitoso sobrevuelo lunar, la tripulaci\u00f3n de Artemis II \u2014compuesta por Reid Wiseman, Christina Koch, Victor Glover y Jeremy Hansen\u2014 inici\u00f3 su viaje de regreso. La astronauta <strong>Christina Koch<\/strong>, la primera mujer en sobrevolar la Luna, declar\u00f3 emotivamente: \u201cVolveremos\u201d.<\/p>\n<p>Durante casi siete horas, los astronautas disfrutaron de una perspectiva privilegiada de la Luna desde una altitud de 6.500 km, mucho mayor que la de sus predecesores del Apolo.<\/p>\n<p>Las fotograf\u00edas publicadas por la <strong>NASA<\/strong> muestran el contraste del <strong>planeta azul<\/strong> contra la vastedad del espacio, con el desolado paisaje lunar en primer plano. Una de las im\u00e1genes evoca directamente la legendaria foto de <strong>Apolo 8<\/strong>, tomada el 24 de diciembre de 1968.<\/p>\n<p>El veterano de Apolo 8, Jim Lovell, envi\u00f3 un mensaje a la tripulaci\u00f3n: \u201cEste es un d\u00eda hist\u00f3rico\u2026 no olviden disfrutar de la vista\u201d. La ic\u00f3nica fotograf\u00eda de 1968 ha sido reconocida mundialmente como una de las im\u00e1genes m\u00e1s importantes de la historia.<\/p>\n<p>La tripulaci\u00f3n de Artemis II ha establecido un nuevo r\u00e9cord, viajando <strong>406.771 km de la Tierra<\/strong>, superando la marca de Apolo 13. Este logro ha sido celebrado por la NASA y figuras pol\u00edticas como un renacimiento del programa espacial tripulado de Estados Unidos.<\/p>\n<p>Los astronautas presenciaron paisajes lunares asombrosos, incluyendo un cr\u00e1ter que describieron como \u201cun mu\u00f1eco de nieve\u201d, y vivieron un eclipse lunar. El astronauta <strong>Victor Glover<\/strong>, el primer afroamericano en una misi\u00f3n lunar, calific\u00f3 la experiencia de \u201cciencia ficci\u00f3n\u201d.<\/p>\n<p>La tripulaci\u00f3n solicit\u00f3 nombrar dos cr\u00e1teres lunares en honor a su nave espacial, \u201cIntegrity\u201d, y en memoria de Carroll Taylor Wiseman. La NASA planea llevar astronautas a la Luna nuevamente en <strong>2028<\/strong>.<\/p>\n<p><\/body><\/html><\/p>\n<div id=\"container-2d383bfb6047810e1afc5176a93a6e27\"><\/div>\n<div style=\"text-align: center; margin: 35px 0;\"><a href=\"https:\/\/www.profitablecpmratenetwork.com\/p4sabm91d?key=88da7d0446f20952699e10bf89600177\" target=\"_blank\" style=\"background: var(--accent); color: #fff; padding: 14px 28px; border-radius: 50px; text-decoration: none; font-weight: 700; font-size: 0.85rem; display: inline-block; box-shadow: 0 4px 15px rgba(0,85,255,0.2);\">Descubrir contenido premium ahora<\/a><\/div>\n","protected":false},"excerpt":{"rendered":"<p>M\u00e1s de 57 a\u00f1os despu\u00e9s de la ic\u00f3nica fotograf\u00eda del \u201camanecer de la Tierra\u201d tomada por Apolo 8, los astronautas de la misi\u00f3n Artemis II han capturado una impresionante \u201cpuesta de la Tierra\u201d en el horizonte lunar, marcando un hito en el retorno a casa. Tras un exitoso sobrevuelo lunar, la tripulaci\u00f3n de Artemis II [&hellip;]<\/p>\n","protected":false},"author":1,"featured_media":50,"comment_status":"open","ping_status":"open","sticky":false,"template":"","format":"standard","meta":{"footnotes":""},"categories":[2],"tags":[37,7,4,6,5,33,34],"class_list":["post-49","post","type-post","status-publish","format-standard","has-post-thumbnail","hentry","category-tecnologia","tag-puesta-de-la-tierra","tag-apolo-8","tag-artemis-ii","tag-luna","tag-nasa","tag-peru","tag-tecnologia"],"_links":{"self":[{"href":"https:\/\/huavi.pe\/blog\/wp-json\/wp\/v2\/posts\/49","targetHints":{"allow":["GET"]}}],"collection":[{"href":"https:\/\/huavi.pe\/blog\/wp-json\/wp\/v2\/posts"}],"about":[{"href":"https:\/\/huavi.pe\/blog\/wp-json\/wp\/v2\/types\/post"}],"author":[{"embeddable":true,"href":"https:\/\/huavi.pe\/blog\/wp-json\/wp\/v2\/users\/1"}],"replies":[{"embeddable":true,"href":"https:\/\/huavi.pe\/blog\/wp-json\/wp\/v2\/comments?post=49"}],"version-history":[{"count":0,"href":"https:\/\/huavi.pe\/blog\/wp-json\/wp\/v2\/posts\/49\/revisions"}],"wp:featuredmedia":[{"embeddable":true,"href":"https:\/\/huavi.pe\/blog\/wp-json\/wp\/v2\/media\/50"}],"wp:attachment":[{"href":"https:\/\/huavi.pe\/blog\/wp-json\/wp\/v2\/media?parent=49"}],"wp:term":[{"taxonomy":"category","embeddable":true,"href":"https:\/\/huavi.pe\/blog\/wp-json\/wp\/v2\/categories?post=49"},{"taxonomy":"post_tag","embeddable":true,"href":"https:\/\/huavi.pe\/blog\/wp-json\/wp\/v2\/tags?post=49"}],"curies":[{"name":"wp","href":"https:\/\/api.w.org\/{rel}","templated":true}]}}