{"id":242,"date":"2026-04-11T02:47:19","date_gmt":"2026-04-11T02:47:19","guid":{"rendered":"https:\/\/huavi.pe\/blog\/proteccion-cerebral-desde-la-juventud-la-vitamina-d-podria-frenar-el-alzheimer-antes-de-que-llegue-la-demencia\/"},"modified":"2026-04-11T02:47:19","modified_gmt":"2026-04-11T02:47:19","slug":"proteccion-cerebral-desde-la-juventud-la-vitamina-d-podria-frenar-el-alzheimer-antes-de-que-llegue-la-demencia","status":"publish","type":"post","link":"https:\/\/huavi.pe\/blog\/proteccion-cerebral-desde-la-juventud-la-vitamina-d-podria-frenar-el-alzheimer-antes-de-que-llegue-la-demencia\/","title":{"rendered":"\u00a1Protecci\u00f3n cerebral desde la juventud! La vitamina D podr\u00eda frenar el Alzheimer antes de que llegue la demencia."},"content":{"rendered":"<p><div style=\"margin: 35px 0; text-align: center;\">\r\n        <script type=\"text\/javascript\">atOptions = {\"key\":\"2d383bfb6047810e1afc5176a93a6e27\",\"format\":\"iframe\",\"height\":90,\"width\":728,\"params\":{}};<\/script>\r\n        <script type=\"text\/javascript\" src=\"https:\/\/www.highperformanceformat.com\/2d383bfb6047810e1afc5176a93a6e27\/invoke.js\"><\/script>\r\n    <\/div>El Alzheimer, una enfermedad que afecta a millones de personas en todo el mundo, sigue siendo un enigma para la ciencia. Los tratamientos actuales no pueden detener su progresi\u00f3n ni revertirla completamente. Sin embargo, una nueva investigaci\u00f3n ha puesto el foco en la vitamina D como posible factor preventivo. Un estudio publicado en la revista Neurology arroj\u00f3 luz sobre c\u00f3mo se comporta nuestro cerebro d\u00e9cadas antes de que aparezcan los s\u00edntomas de demencia.<div style=\"margin: 35px 0; text-align: center;\">\r\n        <script type=\"text\/javascript\">atOptions = {\"key\":\"2d383bfb6047810e1afc5176a93a6e27\",\"format\":\"iframe\",\"height\":90,\"width\":728,\"params\":{}};<\/script>\r\n        <script type=\"text\/javascript\" src=\"https:\/\/www.highperformanceformat.com\/2d383bfb6047810e1afc5176a93a6e27\/invoke.js\"><\/script>\r\n    <\/div><\/p>\n<div style=\"text-align: center; margin: 35px 0;\"><a href=\"https:\/\/www.profitablecpmratenetwork.com\/p4sabm91d?key=88da7d0446f20952699e10bf89600177\" target=\"_blank\" style=\"background: var(--accent); color: #fff; padding: 14px 28px; border-radius: 50px; text-decoration: none; font-weight: 700; font-size: 0.85rem; display: inline-block; box-shadow: 0 4px 15px rgba(0,85,255,0.2);\">Descubrir contenido premium ahora<\/a><\/div>\n","protected":false},"excerpt":{"rendered":"<p>El Alzheimer, una enfermedad que afecta a millones de personas en todo el mundo, sigue siendo un enigma para la ciencia. Los tratamientos actuales no pueden detener su progresi\u00f3n ni revertirla completamente. Sin embargo, una nueva investigaci\u00f3n ha puesto el foco en la vitamina D como posible factor preventivo. Un estudio publicado en la revista [&hellip;]<\/p>\n","protected":false},"author":1,"featured_media":243,"comment_status":"open","ping_status":"open","sticky":false,"template":"","format":"standard","meta":{"footnotes":""},"categories":[2],"tags":[364,366,367,365,363,166],"class_list":["post-242","post","type-post","status-publish","format-standard","has-post-thumbnail","hentry","category-tecnologia","tag-demencia","tag-neurociencia","tag-prevencion","tag-vitamina-d","tag-alzheimer","tag-global"],"_links":{"self":[{"href":"https:\/\/huavi.pe\/blog\/wp-json\/wp\/v2\/posts\/242","targetHints":{"allow":["GET"]}}],"collection":[{"href":"https:\/\/huavi.pe\/blog\/wp-json\/wp\/v2\/posts"}],"about":[{"href":"https:\/\/huavi.pe\/blog\/wp-json\/wp\/v2\/types\/post"}],"author":[{"embeddable":true,"href":"https:\/\/huavi.pe\/blog\/wp-json\/wp\/v2\/users\/1"}],"replies":[{"embeddable":true,"href":"https:\/\/huavi.pe\/blog\/wp-json\/wp\/v2\/comments?post=242"}],"version-history":[{"count":0,"href":"https:\/\/huavi.pe\/blog\/wp-json\/wp\/v2\/posts\/242\/revisions"}],"wp:featuredmedia":[{"embeddable":true,"href":"https:\/\/huavi.pe\/blog\/wp-json\/wp\/v2\/media\/243"}],"wp:attachment":[{"href":"https:\/\/huavi.pe\/blog\/wp-json\/wp\/v2\/media?parent=242"}],"wp:term":[{"taxonomy":"category","embeddable":true,"href":"https:\/\/huavi.pe\/blog\/wp-json\/wp\/v2\/categories?post=242"},{"taxonomy":"post_tag","embeddable":true,"href":"https:\/\/huavi.pe\/blog\/wp-json\/wp\/v2\/tags?post=242"}],"curies":[{"name":"wp","href":"https:\/\/api.w.org\/{rel}","templated":true}]}}