{"id":1488,"date":"2026-04-28T08:47:26","date_gmt":"2026-04-28T08:47:26","guid":{"rendered":"https:\/\/huavi.pe\/blog\/la-percepcion-publica-de-elon-musk-criticas-y-controversias\/"},"modified":"2026-04-28T08:47:26","modified_gmt":"2026-04-28T08:47:26","slug":"la-percepcion-publica-de-elon-musk-criticas-y-controversias","status":"publish","type":"post","link":"https:\/\/huavi.pe\/blog\/la-percepcion-publica-de-elon-musk-criticas-y-controversias\/","title":{"rendered":"La Percepci\u00f3n P\u00fablica de Elon Musk: Cr\u00edticas y Controversias"},"content":{"rendered":"<div style=\"margin: 35px 0; text-align: center;\">\r\n        <script type=\"text\/javascript\">atOptions = {\"key\":\"6c15bf9fb10d44f6b0ff8bee4e534e00\",\"format\":\"iframe\",\"height\":90,\"width\":728,\"params\":{}};<\/script>\r\n        <script type=\"text\/javascript\" src=\"https:\/\/www.highperformanceformat.com\/6c15bf9fb10d44f6b0ff8bee4e534e00\/invoke.js\"><\/script>\r\n    <\/div>\n<p>A pesar de su \u00e9xito tecnol\u00f3gico, la figura de Elon Musk est\u00e1 constantemente bajo el escrutinio p\u00fablico. Los recientes eventos legales, como los relacionados con el caso Musk v. Altman, han puesto de manifiesto una percepci\u00f3n negativa generalizada, resumida en comentarios como: \u2018La gente no le cae bien\u2019.<\/p>\n<div style=\"text-align: center; margin: 35px 0;\"><a href=\"https:\/\/www.profitablecpmratenetwork.com\/xkij9dqp?key=36211ba9dcf53ed7e55fa2e71272a37e\" target=\"_blank\" style=\"background: var(--accent); color: #fff; padding: 14px 28px; border-radius: 50px; text-decoration: none; font-weight: 700; font-size: 0.85rem; display: inline-block; box-shadow: 0 4px 15px rgba(0,85,255,0.2);\">Analizar el Impacto de la IA en Figuras P\u00fablicas<\/a><\/div>\n<p>Las cr\u00edticas hacia Musk son profundas y abarcan m\u00faltiples facetas de su vida y carrera. Muchos usuarios describen su comportamiento personal utilizando t\u00e9rminos extremadamente negativos, se\u00f1alando un patr\u00f3n de conducta que va m\u00e1s all\u00e1 del \u00e1mbito empresarial.<\/p>\n<div style=\"margin: 35px 0; text-align: center;\">\r\n        <script type=\"text\/javascript\">atOptions = {\"key\":\"6fc97cf01066178bb03248c132da1bfb\",\"format\":\"iframe\",\"height\":250,\"width\":300,\"params\":{}};<\/script>\r\n        <script type=\"text\/javascript\" src=\"https:\/\/www.highperformanceformat.com\/6fc97cf01066178bb03248c132da1bfb\/invoke.js\"><\/script>\r\n    <\/div>\n<p>Desde la perspectiva de grupos marginados, como las mujeres de color, el discurso cr\u00edtico se centra en acciones y declaraciones espec\u00edficas consideradas da\u00f1inas o racistas. Esta conciencia social impulsa una cr\u00edtica intensa hacia sus empresas, incluyendo Tesla, cuestionando no solo su impacto econ\u00f3mico sino tambi\u00e9n su responsabilidad \u00e9tica y social.<\/p>\n<div style=\"text-align: center; margin: 35px 0;\"><a href=\"https:\/\/www.profitablecpmratenetwork.com\/p4sabm91d?key=88da7d0446f20952699e10bf89600177\" target=\"_blank\" style=\"background: var(--accent); color: #fff; padding: 14px 28px; border-radius: 50px; text-decoration: none; font-weight: 700; font-size: 0.85rem; display: inline-block; box-shadow: 0 4px 15px rgba(0,85,255,0.2);\">Reporte Premium: Liderazgo y Responsabilidad Corporativa<\/a><\/div>\n","protected":false},"excerpt":{"rendered":"<p>A pesar de su \u00e9xito tecnol\u00f3gico, la figura de Elon Musk est\u00e1 constantemente bajo el escrutinio p\u00fablico. Los recientes eventos legales, como los relacionados con el caso Musk v. Altman, han puesto de manifiesto una percepci\u00f3n negativa generalizada, resumida en comentarios como: \u2018La gente no le cae bien\u2019. Las cr\u00edticas hacia Musk son profundas y [&hellip;]<\/p>\n","protected":false},"author":1,"featured_media":1489,"comment_status":"open","ping_status":"open","sticky":false,"template":"","format":"standard","meta":{"footnotes":""},"categories":[2],"tags":[116,321,2007,2008,2009,216],"class_list":["post-1488","post","type-post","status-publish","format-standard","has-post-thumbnail","hentry","category-tecnologia","tag-cultura-pop","tag-elon-musk","tag-controversia-tecnologica","tag-critica-social","tag-etica-empresarial","tag-usa"],"_links":{"self":[{"href":"https:\/\/huavi.pe\/blog\/wp-json\/wp\/v2\/posts\/1488","targetHints":{"allow":["GET"]}}],"collection":[{"href":"https:\/\/huavi.pe\/blog\/wp-json\/wp\/v2\/posts"}],"about":[{"href":"https:\/\/huavi.pe\/blog\/wp-json\/wp\/v2\/types\/post"}],"author":[{"embeddable":true,"href":"https:\/\/huavi.pe\/blog\/wp-json\/wp\/v2\/users\/1"}],"replies":[{"embeddable":true,"href":"https:\/\/huavi.pe\/blog\/wp-json\/wp\/v2\/comments?post=1488"}],"version-history":[{"count":0,"href":"https:\/\/huavi.pe\/blog\/wp-json\/wp\/v2\/posts\/1488\/revisions"}],"wp:featuredmedia":[{"embeddable":true,"href":"https:\/\/huavi.pe\/blog\/wp-json\/wp\/v2\/media\/1489"}],"wp:attachment":[{"href":"https:\/\/huavi.pe\/blog\/wp-json\/wp\/v2\/media?parent=1488"}],"wp:term":[{"taxonomy":"category","embeddable":true,"href":"https:\/\/huavi.pe\/blog\/wp-json\/wp\/v2\/categories?post=1488"},{"taxonomy":"post_tag","embeddable":true,"href":"https:\/\/huavi.pe\/blog\/wp-json\/wp\/v2\/tags?post=1488"}],"curies":[{"name":"wp","href":"https:\/\/api.w.org\/{rel}","templated":true}]}}