{"id":1288,"date":"2026-04-20T00:14:32","date_gmt":"2026-04-20T00:14:32","guid":{"rendered":"https:\/\/huavi.pe\/blog\/juez-falla-que-la-administracion-trump-violo-la-primera-enmienda-al-intentar-censurar-grupos-de-seguimiento-de-ice\/"},"modified":"2026-04-20T00:14:32","modified_gmt":"2026-04-20T00:14:32","slug":"juez-falla-que-la-administracion-trump-violo-la-primera-enmienda-al-intentar-censurar-grupos-de-seguimiento-de-ice","status":"publish","type":"post","link":"https:\/\/huavi.pe\/blog\/juez-falla-que-la-administracion-trump-violo-la-primera-enmienda-al-intentar-censurar-grupos-de-seguimiento-de-ice\/","title":{"rendered":"Juez falla que la administraci\u00f3n Trump viol\u00f3 la Primera Enmienda al intentar censurar grupos de seguimiento de ICE"},"content":{"rendered":"<div style=\"margin: 35px 0; text-align: center;\">\r\n        <script type=\"text\/javascript\">atOptions = {\"key\":\"6c15bf9fb10d44f6b0ff8bee4e534e00\",\"format\":\"iframe\",\"height\":90,\"width\":728,\"params\":{}};<\/script>\r\n        <script type=\"text\/javascript\" src=\"https:\/\/www.highperformanceformat.com\/6c15bf9fb10d44f6b0ff8bee4e534e00\/invoke.js\"><\/script>\r\n    <\/div>\n<p>Jorge L. Alonso, juez federal del distrito para el Distrito Norte de Illinois, dictamin\u00f3 que la Administraci\u00f3n Trump vulner\u00f3 la Primera Enmienda constitucional cuando ejerci\u00f3 presi\u00f3n sobre plataformas como Facebook y Apple con el fin de eliminar grupos y aplicaciones dedicadas al seguimiento de ICE.<\/p>\n<div style=\"text-align: center; margin: 35px 0;\"><a href=\"https:\/\/www.profitablecpmratenetwork.com\/xkij9dqp?key=36211ba9dcf53ed7e55fa2e71272a37e\" target=\"_blank\" style=\"background: var(--accent); color: #fff; padding: 14px 28px; border-radius: 50px; text-decoration: none; font-weight: 700; font-size: 0.85rem; display: inline-block; box-shadow: 0 4px 15px rgba(0,85,255,0.2);\">Entender el alcance de los derechos digitales<\/a><\/div>\n<p>El fallo judicial establece un precedente importante en la lucha por los derechos civiles en la era digital. Seg\u00fan Alonso, esta acci\u00f3n gubernamental represent\u00f3 una interferencia indebida en las actividades protegidas por la libertad de expresi\u00f3n.<\/p>\n<div style=\"margin: 35px 0; text-align: center;\">\r\n        <script type=\"text\/javascript\">atOptions = {\"key\":\"6fc97cf01066178bb03248c132da1bfb\",\"format\":\"iframe\",\"height\":250,\"width\":300,\"params\":{}};<\/script>\r\n        <script type=\"text\/javascript\" src=\"https:\/\/www.highperformanceformat.com\/6fc97cf01066178bb03248c132da1bfb\/invoke.js\"><\/script>\r\n    <\/div>\n<p>Como resultado, el juez concedi\u00f3 a los demandantes \u2014incluyendo a Kassandra Rosado, administradora del grupo &#8216;ICE Sightings Chicagoland&#8217; y al Grupo Kreisau, desarrolladores de &#8216;Eyes Up&#8217;\u2014 una medida cautelar preliminar, protegiendo as\u00ed la continuidad de estas herramientas comunitarias.<\/p>\n<div style=\"text-align: center; margin: 35px 0;\"><a href=\"https:\/\/www.profitablecpmratenetwork.com\/p4sabm91d?key=88da7d0446f20952699e10bf89600177\" target=\"_blank\" style=\"background: var(--accent); color: #fff; padding: 14px 28px; border-radius: 50px; text-decoration: none; font-weight: 700; font-size: 0.85rem; display: inline-block; box-shadow: 0 4px 15px rgba(0,85,255,0.2);\">Acceder a an\u00e1lisis legales profundos sobre vigilancia gubernamental<\/a><\/div>\n","protected":false},"excerpt":{"rendered":"<p>Jorge L. Alonso, juez federal del distrito para el Distrito Norte de Illinois, dictamin\u00f3 que la Administraci\u00f3n Trump vulner\u00f3 la Primera Enmienda constitucional cuando ejerci\u00f3 presi\u00f3n sobre plataformas como Facebook y Apple con el fin de eliminar grupos y aplicaciones dedicadas al seguimiento de ICE. El fallo judicial establece un precedente importante en la lucha [&hellip;]<\/p>\n","protected":false},"author":1,"featured_media":1289,"comment_status":"open","ping_status":"open","sticky":false,"template":"","format":"standard","meta":{"footnotes":""},"categories":[2],"tags":[1827,1828,1566,1829,1826,216],"class_list":["post-1288","post","type-post","status-publish","format-standard","has-post-thumbnail","hentry","category-tecnologia","tag-derechos-civiles","tag-ice","tag-justicia","tag-libertad-de-expresion","tag-primera-enmienda","tag-usa"],"_links":{"self":[{"href":"https:\/\/huavi.pe\/blog\/wp-json\/wp\/v2\/posts\/1288","targetHints":{"allow":["GET"]}}],"collection":[{"href":"https:\/\/huavi.pe\/blog\/wp-json\/wp\/v2\/posts"}],"about":[{"href":"https:\/\/huavi.pe\/blog\/wp-json\/wp\/v2\/types\/post"}],"author":[{"embeddable":true,"href":"https:\/\/huavi.pe\/blog\/wp-json\/wp\/v2\/users\/1"}],"replies":[{"embeddable":true,"href":"https:\/\/huavi.pe\/blog\/wp-json\/wp\/v2\/comments?post=1288"}],"version-history":[{"count":0,"href":"https:\/\/huavi.pe\/blog\/wp-json\/wp\/v2\/posts\/1288\/revisions"}],"wp:featuredmedia":[{"embeddable":true,"href":"https:\/\/huavi.pe\/blog\/wp-json\/wp\/v2\/media\/1289"}],"wp:attachment":[{"href":"https:\/\/huavi.pe\/blog\/wp-json\/wp\/v2\/media?parent=1288"}],"wp:term":[{"taxonomy":"category","embeddable":true,"href":"https:\/\/huavi.pe\/blog\/wp-json\/wp\/v2\/categories?post=1288"},{"taxonomy":"post_tag","embeddable":true,"href":"https:\/\/huavi.pe\/blog\/wp-json\/wp\/v2\/tags?post=1288"}],"curies":[{"name":"wp","href":"https:\/\/api.w.org\/{rel}","templated":true}]}}