{"id":1250,"date":"2026-04-19T20:58:20","date_gmt":"2026-04-19T20:58:20","guid":{"rendered":"https:\/\/huavi.pe\/blog\/posible-retraso-de-mac-studio-y-macbook-pro-por-escasez-global-de-memoria\/"},"modified":"2026-04-19T20:58:20","modified_gmt":"2026-04-19T20:58:20","slug":"posible-retraso-de-mac-studio-y-macbook-pro-por-escasez-global-de-memoria","status":"publish","type":"post","link":"https:\/\/huavi.pe\/blog\/posible-retraso-de-mac-studio-y-macbook-pro-por-escasez-global-de-memoria\/","title":{"rendered":"Posible retraso de Mac Studio y MacBook Pro por escasez global de memoria"},"content":{"rendered":"<div style=\"margin: 35px 0; text-align: center;\">\r\n        <script type=\"text\/javascript\">atOptions = {\"key\":\"6c15bf9fb10d44f6b0ff8bee4e534e00\",\"format\":\"iframe\",\"height\":90,\"width\":728,\"params\":{}};<\/script>\r\n        <script type=\"text\/javascript\" src=\"https:\/\/www.highperformanceformat.com\/6c15bf9fb10d44f6b0ff8bee4e534e00\/invoke.js\"><\/script>\r\n    <\/div>\n<p>Los usuarios que planean actualizarse a los pr\u00f3ximos modelos de Mac Studio o MacBook Pro podr\u00edan tener que esperar un poco m\u00e1s debido a la persistente escasez global de memoria. Seg\u00fan reportes de Mark Gurman de Bloomberg, al menos dos m\u00e1quinas pr\u00f3ximas de Apple podr\u00edan debutar m\u00e1s tarde de lo inicialmente previsto por la compa\u00f1\u00eda.<\/p>\n<div style=\"text-align: center; margin: 35px 0;\"><a href=\"https:\/\/www.profitablecpmratenetwork.com\/xkij9dqp?key=36211ba9dcf53ed7e55fa2e71272a37e\" target=\"_blank\" style=\"background: var(--accent); color: #fff; padding: 14px 28px; border-radius: 50px; text-decoration: none; font-weight: 700; font-size: 0.85rem; display: inline-block; box-shadow: 0 4px 15px rgba(0,85,255,0.2);\">Analizar impacto en IA local<\/a><\/div>\n<p>El esperado Mac Studio, sucesor de las configuraciones M4 Max y M3 Ultra, se esperaba que llegara a mediados de a\u00f1o. Sin embargo, debido a la alta demanda \u2014posiblemente impulsada por el uso local de modelos de IA\u2014 Apple ya est\u00e1 lidiando con escasez de su stock actual. Gurman predijo que este lanzamiento podr\u00eda posponerse hasta alrededor de octubre.<\/p>\n<div style=\"margin: 35px 0; text-align: center;\">\r\n        <script type=\"text\/javascript\">atOptions = {\"key\":\"6fc97cf01066178bb03248c132da1bfb\",\"format\":\"iframe\",\"height\":250,\"width\":300,\"params\":{}};<\/script>\r\n        <script type=\"text\/javascript\" src=\"https:\/\/www.highperformanceformat.com\/6fc97cf01066178bb03248c132da1bfb\/invoke.js\"><\/script>\r\n    <\/div>\n<p>El impacto no se limita solo al escritorio. Tambi\u00e9n se report\u00f3 un posible retraso en la llegada del pr\u00f3ximo MacBook Pro. Aunque el cronograma inicial para el modelo con pantalla t\u00e1ctil situaba su lanzamiento entre finales de 2026 y principios de 2027, Gurman ahora predice que llegar\u00e1 hacia el final de ese periodo. Si bien Apple no es la \u00fanica empresa afectada por la crisis de RAM, la compa\u00f1\u00eda podr\u00eda aprovechar este momento para impulsar ventas con modelos exitosos como el MacBook Neo.<\/p>\n<div style=\"text-align: center; margin: 35px 0;\"><a href=\"https:\/\/www.profitablecpmratenetwork.com\/p4sabm91d?key=88da7d0446f20952699e10bf89600177\" target=\"_blank\" style=\"background: var(--accent); color: #fff; padding: 14px 28px; border-radius: 50px; text-decoration: none; font-weight: 700; font-size: 0.85rem; display: inline-block; box-shadow: 0 4px 15px rgba(0,85,255,0.2);\">Ver an\u00e1lisis completo del mercado tecnol\u00f3gico<\/a><\/div>\n","protected":false},"excerpt":{"rendered":"<p>Los usuarios que planean actualizarse a los pr\u00f3ximos modelos de Mac Studio o MacBook Pro podr\u00edan tener que esperar un poco m\u00e1s debido a la persistente escasez global de memoria. Seg\u00fan reportes de Mark Gurman de Bloomberg, al menos dos m\u00e1quinas pr\u00f3ximas de Apple podr\u00edan debutar m\u00e1s tarde de lo inicialmente previsto por la compa\u00f1\u00eda. [&hellip;]<\/p>\n","protected":false},"author":1,"featured_media":1251,"comment_status":"open","ping_status":"open","sticky":false,"template":"","format":"standard","meta":{"footnotes":""},"categories":[395],"tags":[40,1780,1781,1778,1779,34,216],"class_list":["post-1250","post","type-post","status-publish","format-standard","has-post-thumbnail","hentry","category-gadgets","tag-apple","tag-escasez-de-memoria","tag-lanzamientos","tag-mac-studio","tag-macbook-pro","tag-tecnologia","tag-usa"],"_links":{"self":[{"href":"https:\/\/huavi.pe\/blog\/wp-json\/wp\/v2\/posts\/1250","targetHints":{"allow":["GET"]}}],"collection":[{"href":"https:\/\/huavi.pe\/blog\/wp-json\/wp\/v2\/posts"}],"about":[{"href":"https:\/\/huavi.pe\/blog\/wp-json\/wp\/v2\/types\/post"}],"author":[{"embeddable":true,"href":"https:\/\/huavi.pe\/blog\/wp-json\/wp\/v2\/users\/1"}],"replies":[{"embeddable":true,"href":"https:\/\/huavi.pe\/blog\/wp-json\/wp\/v2\/comments?post=1250"}],"version-history":[{"count":0,"href":"https:\/\/huavi.pe\/blog\/wp-json\/wp\/v2\/posts\/1250\/revisions"}],"wp:featuredmedia":[{"embeddable":true,"href":"https:\/\/huavi.pe\/blog\/wp-json\/wp\/v2\/media\/1251"}],"wp:attachment":[{"href":"https:\/\/huavi.pe\/blog\/wp-json\/wp\/v2\/media?parent=1250"}],"wp:term":[{"taxonomy":"category","embeddable":true,"href":"https:\/\/huavi.pe\/blog\/wp-json\/wp\/v2\/categories?post=1250"},{"taxonomy":"post_tag","embeddable":true,"href":"https:\/\/huavi.pe\/blog\/wp-json\/wp\/v2\/tags?post=1250"}],"curies":[{"name":"wp","href":"https:\/\/api.w.org\/{rel}","templated":true}]}}