{"id":1154,"date":"2026-04-18T07:48:03","date_gmt":"2026-04-18T07:48:03","guid":{"rendered":"https:\/\/huavi.pe\/blog\/la-brecha-idiomatica-como-el-idioma-ha-divergido-entre-corea-del-norte-y-corea-del-sur\/"},"modified":"2026-04-18T07:48:03","modified_gmt":"2026-04-18T07:48:03","slug":"la-brecha-idiomatica-como-el-idioma-ha-divergido-entre-corea-del-norte-y-corea-del-sur","status":"publish","type":"post","link":"https:\/\/huavi.pe\/blog\/la-brecha-idiomatica-como-el-idioma-ha-divergido-entre-corea-del-norte-y-corea-del-sur\/","title":{"rendered":"La brecha idiom\u00e1tica: C\u00f3mo el idioma ha divergido entre Corea del Norte y Corea del Sur"},"content":{"rendered":"<div style=\"margin: 35px 0; text-align: center;\">\r\n        <script type=\"text\/javascript\">atOptions = {\"key\":\"6c15bf9fb10d44f6b0ff8bee4e534e00\",\"format\":\"iframe\",\"height\":90,\"width\":728,\"params\":{}};<\/script>\r\n        <script type=\"text\/javascript\" src=\"https:\/\/www.highperformanceformat.com\/6c15bf9fb10d44f6b0ff8bee4e534e00\/invoke.js\"><\/script>\r\n    <\/div>\n<p>Los cambios pol\u00edticos dr\u00e1sticos e impuestos a la fuerza pueden dejar heridas profundas que tardan d\u00e9cadas en sanar. Este fen\u00f3meno no solo afecta la estructura social, sino tambi\u00e9n aspectos m\u00e1s \u00edntimos como la comunicaci\u00f3n diaria.<\/p>\n<div style=\"text-align: center; margin: 35px 0;\"><a href=\"https:\/\/www.profitablecpmratenetwork.com\/xkij9dqp?key=36211ba9dcf53ed7e55fa2e71272a37e\" target=\"_blank\" style=\"background: var(--accent); color: #fff; padding: 14px 28px; border-radius: 50px; text-decoration: none; font-weight: 700; font-size: 0.85rem; display: inline-block; box-shadow: 0 4px 15px rgba(0,85,255,0.2);\">Analizar el impacto de la Guerra Fr\u00eda en las culturas asi\u00e1ticas.<\/a><\/div>\n<p>Viajando al presente, y aunque es conocida la huella de la batalla entre los bloques capitalista y comunista en Corea, una dimensi\u00f3n menos visible pero igualmente profunda es la desigualdad idiom\u00e1tica. Tras poco m\u00e1s de siete d\u00e9cadas de separaci\u00f3n, el coreano ya no es uniforme entre el norte y el sur.<\/p>\n<div style=\"margin: 35px 0; text-align: center;\">\r\n        <script type=\"text\/javascript\">atOptions = {\"key\":\"6fc97cf01066178bb03248c132da1bfb\",\"format\":\"iframe\",\"height\":250,\"width\":300,\"params\":{}};<\/script>\r\n        <script type=\"text\/javascript\" src=\"https:\/\/www.highperformanceformat.com\/6fc97cf01066178bb03248c132da1bfb\/invoke.js\"><\/script>\r\n    <\/div>\n<p>Un estudio reciente evidenci\u00f3 que casi la mitad de la poblaci\u00f3n encuestada tiene dificultades para entender los di\u00e1logos de la zona contraria; en algunos casos, la comprensi\u00f3n era nula. Los ling\u00fcistas han concluido que al menos un tercio del vocabulario cotidiano ha cambiado, especialmente el relacionado con \u00e1mbitos profesionales y empresariales.<\/p>\n<div style=\"text-align: center; margin: 35px 0;\"><a href=\"https:\/\/www.profitablecpmratenetwork.com\/p4sabm91d?key=88da7d0446f20952699e10bf89600177\" target=\"_blank\" style=\"background: var(--accent); color: #fff; padding: 14px 28px; border-radius: 50px; text-decoration: none; font-weight: 700; font-size: 0.85rem; display: inline-block; box-shadow: 0 4px 15px rgba(0,85,255,0.2);\">Descargar un an\u00e1lisis detallado sobre los dialectos coreanos.<\/a><\/div>\n","protected":false},"excerpt":{"rendered":"<p>Los cambios pol\u00edticos dr\u00e1sticos e impuestos a la fuerza pueden dejar heridas profundas que tardan d\u00e9cadas en sanar. Este fen\u00f3meno no solo afecta la estructura social, sino tambi\u00e9n aspectos m\u00e1s \u00edntimos como la comunicaci\u00f3n diaria. Viajando al presente, y aunque es conocida la huella de la batalla entre los bloques capitalista y comunista en Corea, [&hellip;]<\/p>\n","protected":false},"author":1,"featured_media":1155,"comment_status":"open","ping_status":"open","sticky":false,"template":"","format":"standard","meta":{"footnotes":""},"categories":[2],"tags":[1654,818,1657,166,1656,1655],"class_list":["post-1154","post","type-post","status-publish","format-standard","has-post-thumbnail","hentry","category-tecnologia","tag-corea-del-norte","tag-corea-del-sur","tag-divergencia-cultural","tag-global","tag-idioma","tag-lingistica"],"_links":{"self":[{"href":"https:\/\/huavi.pe\/blog\/wp-json\/wp\/v2\/posts\/1154","targetHints":{"allow":["GET"]}}],"collection":[{"href":"https:\/\/huavi.pe\/blog\/wp-json\/wp\/v2\/posts"}],"about":[{"href":"https:\/\/huavi.pe\/blog\/wp-json\/wp\/v2\/types\/post"}],"author":[{"embeddable":true,"href":"https:\/\/huavi.pe\/blog\/wp-json\/wp\/v2\/users\/1"}],"replies":[{"embeddable":true,"href":"https:\/\/huavi.pe\/blog\/wp-json\/wp\/v2\/comments?post=1154"}],"version-history":[{"count":0,"href":"https:\/\/huavi.pe\/blog\/wp-json\/wp\/v2\/posts\/1154\/revisions"}],"wp:featuredmedia":[{"embeddable":true,"href":"https:\/\/huavi.pe\/blog\/wp-json\/wp\/v2\/media\/1155"}],"wp:attachment":[{"href":"https:\/\/huavi.pe\/blog\/wp-json\/wp\/v2\/media?parent=1154"}],"wp:term":[{"taxonomy":"category","embeddable":true,"href":"https:\/\/huavi.pe\/blog\/wp-json\/wp\/v2\/categories?post=1154"},{"taxonomy":"post_tag","embeddable":true,"href":"https:\/\/huavi.pe\/blog\/wp-json\/wp\/v2\/tags?post=1154"}],"curies":[{"name":"wp","href":"https:\/\/api.w.org\/{rel}","templated":true}]}}